{"id":4829,"date":"2021-04-23T13:56:33","date_gmt":"2021-04-23T18:56:33","guid":{"rendered":"https:\/\/www.celec.gob.ec\/transelectric\/?p=2888"},"modified":"2021-04-23T13:56:33","modified_gmt":"2021-04-23T18:56:33","slug":"celec-ep-invertira-usd-340-millones-en-tres-nuevos-proyectos-de-transmision-electrica-en-la-provincia-de-el-oro","status":"publish","type":"post","link":"https:\/\/www.celec.gob.ec\/transelectric\/uncategorized\/celec-ep-invertira-usd-340-millones-en-tres-nuevos-proyectos-de-transmision-electrica-en-la-provincia-de-el-oro\/","title":{"rendered":"CELEC EP invertir\u00e1 USD 340 millones en tres nuevos proyectos de transmisi\u00f3n el\u00e9ctrica en la provincia de El Oro"},"content":{"rendered":"<p><strong>23 de abril de 2021<\/strong><\/p>\n<p style=\"text-align: justify;\">Los equipos t\u00e9cnicos de la Corporaci\u00f3n El\u00e9ctrica del Ecuador (CELEC EP) y de la Corporaci\u00f3n Nacional de Electricidad (CNEL EP) \u2013 Unidad El Oro expusieron los nuevos proyectos de transmisi\u00f3n y distribuci\u00f3n de energ\u00eda el\u00e9ctrica a los alcaldes de esta provincia. La reuni\u00f3n telem\u00e1tica se desarroll\u00f3 ayer jueves 22 de abril de 2021, con la participaci\u00f3n virtual de Ra\u00fal Canelos, gerente de CELEC EP \u2013 Transelectric; de Christian Camacho, administrador de CNEL EP &#8211; El Oro; y de los alcaldes o sus representantes de los cantones: Machala, Pasaje, El Guabo, Atahualpa, Arenillas, Santa Rosa, Balsas, Huaquillas, Las Lajas y Marcabel\u00ed.<\/p>\n<p style=\"text-align: justify;\">Durante el encuentro, Ra\u00fal Canelos, gerente de la Unidad de Negocio CELEC EP &#8211; Transelectric, inform\u00f3 que el Gobierno Nacional planifica la ejecuci\u00f3n del tres obras de gran importancia para la provincia: el nuevo sistema de transmisi\u00f3n La Avanzada, a 230\/138 mil voltios; la Interconexi\u00f3n El\u00e9ctrica Ecuador-Per\u00fa, a 500 mil voltios; y la ampliaci\u00f3n de la subestaci\u00f3n San Idelfonso. La inversi\u00f3n proyectada es de USD 340 millones.<\/p>\n<p style=\"text-align: justify;\">Con estas nuevas obras se duplicar\u00e1n la capacidad del servicio de transmisi\u00f3n en beneficio de sus habitantes, a trav\u00e9s del fomento de nuevas actividades econ\u00f3micas y productivas. Estas obras aportar\u00e1n con la energ\u00eda el\u00e9ctrica necesaria a los sectores camaronero, bananero, minero y agr\u00edcola, destac\u00f3 Ra\u00fal Canelos.<\/p>\n<p style=\"text-align: justify;\">Tambi\u00e9n agradeci\u00f3 la participaci\u00f3n de los diez alcaldes presentes y sus delegados por el espacio brindado para socializar la importancia y los beneficios de las nuevas obras de transmisi\u00f3n y distribuci\u00f3n que beneficiar\u00e1n directamente a esta provincia.<\/p>\n<p style=\"text-align: justify;\">De su lado, Bismark Ruilova, alcalde del cant\u00f3n Atahualpa y presidente de la AME &#8211; El Oro, destac\u00f3 la importancia de conocer, de primera mano, los nuevos proyectos de electricidad, los que permitir\u00e1n atender las nuevas demandas de energ\u00eda que tiene la provincia.<\/p>\n<p style=\"text-align: justify;\">Estas acciones evidencian que el Gobierno Nacional, a trav\u00e9s del Ministerio de Energ\u00eda y Recursos Naturales No Renovables&nbsp; y las empresas del sector el\u00e9ctrico, construye de forma permanente nuevas obras&nbsp; para mejorar&nbsp; el servicio de energ\u00eda en beneficio de los ecuatorianos.<\/p>\n<p>&nbsp;<\/p>\n<p style=\"text-align: center;\"><img loading=\"lazy\" decoding=\"async\" class=\" size-full wp-image-2887\" src=\"https:\/\/www.celec.gob.ec\/transelectric\/wp-content\/uploads\/2021\/04\/81.jpg\" alt=\"81\" width=\"650\" height=\"294\" \/><\/p>\n","protected":false},"excerpt":{"rendered":"<p>23 de abril de 2021 Los equipos t\u00e9cnicos de la Corporaci\u00f3n El\u00e9ctrica del Ecuador (CELEC EP) y de la Corporaci\u00f3n Nacional de Electricidad (CNEL EP) \u2013 Unidad El Oro expusieron los nuevos proyectos de transmisi\u00f3n y distribuci\u00f3n de energ\u00eda el\u00e9ctrica a los alcaldes de esta provincia. La reuni\u00f3n telem\u00e1tica se desarroll\u00f3 ayer jueves 22 de [&hellip;]<\/p>\n","protected":false},"author":1,"featured_media":4830,"comment_status":"open","ping_status":"open","sticky":false,"template":"","format":"standard","meta":{"_acf_changed":false,"inline_featured_image":false,"_themeisle_gutenberg_block_has_review":false,"footnotes":""},"categories":[1],"tags":[],"class_list":["post-4829","post","type-post","status-publish","format-standard","has-post-thumbnail","hentry","category-uncategorized"],"acf":[],"_links":{"self":[{"href":"https:\/\/www.celec.gob.ec\/transelectric\/wp-json\/wp\/v2\/posts\/4829","targetHints":{"allow":["GET"]}}],"collection":[{"href":"https:\/\/www.celec.gob.ec\/transelectric\/wp-json\/wp\/v2\/posts"}],"about":[{"href":"https:\/\/www.celec.gob.ec\/transelectric\/wp-json\/wp\/v2\/types\/post"}],"author":[{"embeddable":true,"href":"https:\/\/www.celec.gob.ec\/transelectric\/wp-json\/wp\/v2\/users\/1"}],"replies":[{"embeddable":true,"href":"https:\/\/www.celec.gob.ec\/transelectric\/wp-json\/wp\/v2\/comments?post=4829"}],"version-history":[{"count":0,"href":"https:\/\/www.celec.gob.ec\/transelectric\/wp-json\/wp\/v2\/posts\/4829\/revisions"}],"wp:featuredmedia":[{"embeddable":true,"href":"https:\/\/www.celec.gob.ec\/transelectric\/wp-json\/wp\/v2\/media\/4830"}],"wp:attachment":[{"href":"https:\/\/www.celec.gob.ec\/transelectric\/wp-json\/wp\/v2\/media?parent=4829"}],"wp:term":[{"taxonomy":"category","embeddable":true,"href":"https:\/\/www.celec.gob.ec\/transelectric\/wp-json\/wp\/v2\/categories?post=4829"},{"taxonomy":"post_tag","embeddable":true,"href":"https:\/\/www.celec.gob.ec\/transelectric\/wp-json\/wp\/v2\/tags?post=4829"}],"curies":[{"name":"wp","href":"https:\/\/api.w.org\/{rel}","templated":true}]}}