{"id":4836,"date":"2021-03-09T16:34:27","date_gmt":"2021-03-09T21:34:27","guid":{"rendered":"https:\/\/www.celec.gob.ec\/transelectric\/?p=2827"},"modified":"2021-03-09T16:34:27","modified_gmt":"2021-03-09T21:34:27","slug":"celec-ep-transelectric-realiza-la-segunda-ronda-de-consulta-publica-del-proyecto-interconexion-electrica-ecuador-peru-a-500-mil-voltios","status":"publish","type":"post","link":"https:\/\/www.celec.gob.ec\/transelectric\/uncategorized\/celec-ep-transelectric-realiza-la-segunda-ronda-de-consulta-publica-del-proyecto-interconexion-electrica-ecuador-peru-a-500-mil-voltios\/","title":{"rendered":"CELEC EP TRANSELECTRIC realiza la segunda ronda de Consulta P\u00fablica del proyecto interconexi\u00f3n el\u00e9ctrica Ecuador \u2013 Per\u00fa a 500 mil voltios"},"content":{"rendered":"<p><strong>9 de marzo de 2021<\/strong><\/p>\n<p style=\"text-align: justify;\">La Corporaci\u00f3n El\u00e9ctrica del Ecuador CELEC EP, a trav\u00e9s de la Unidad de Negocio Transelectric, realiza la segunda ronda de Consulta P\u00fablica del Estudio de Impacto Ambiental del nuevo sistema de interconexi\u00f3n el\u00e9ctrica Ecuador \u2013 Per\u00fa, a 500 mil voltios, a trav\u00e9s de seis &nbsp;&nbsp;talleres virtuales y &nbsp;24 sesiones presenciales.<\/p>\n<p style=\"text-align: justify;\">Los talleres de la segunda ronda iniciaron el 3 del presente mes y finalizan este 9 de marzo de 2021. Tienen como fin informar a los habitantes de las comunidades del \u00e1rea de influencia sobre el Estudio de Impacto Ambiental y la importancia de la interconexi\u00f3n el\u00e9ctrica binacional que beneficiar\u00e1 a 17 millones de ecuatorianos.<\/p>\n<p style=\"text-align: justify;\">Los talleres est\u00e1n dirigidos a las comunidades de los cantones y parroquias de las provincias de: Guayas, El Oro y Azuay. Hasta la presente fecha se ha contado con la participaci\u00f3n de 108 personas en las sedes presenciales. En los eventos se han respetado todas las normas de bioseguridad, para precautelar la salud de todos.<\/p>\n<p style=\"text-align: justify;\">El equipo de trabajo del Departamento de Gesti\u00f3n Social y Ambiental, de la UN Transelectric es responsable del desarrollo de estos talleres, &nbsp;los mismos se realizaron de acuerdo al cronograma establecido y en cumplimiento de las Salvaguardas Ambientales y Sociales del Banco Interamericano de Desarrollo (BID), entidad que financia el proyecto.<\/p>\n<p style=\"text-align: justify;\"><strong>USD 300 millones de inversi\u00f3n<\/strong><\/p>\n<p style=\"text-align: justify;\">El nuevo sistema de interconexi\u00f3n Ecuador &#8211; Per\u00fa a 500 mil voltios tendr\u00e1 una inversi\u00f3n de USD 300 millones, de los cuales USD 250 millones ser\u00e1n financiados por el BID. Este proyecto atravesar\u00e1 las provincias de Guayas, El Oro y parte de Azuay. Las obras que comprenden este nuevo sistema son: l\u00ednea de transmisi\u00f3n Chorrillos \u2013 Pasaje \u2013 Frontera Per\u00fa, de 280 kil\u00f3metros, &nbsp;y &nbsp;la subestaci\u00f3n Pasaje a 500 \/ 230 mil voltios.<\/p>\n<p style=\"text-align: justify;\">Con la nueva interconexi\u00f3n se realizar\u00e1n intercambios energ\u00e9ticos entre Ecuador y Per\u00fa para aprovechar la complementariedad hidrol\u00f3gica, basados en acuerdos comerciales y regulatorios de integraci\u00f3n regional. El Gobierno Nacional, a trav\u00e9s del Ministerio de Energ\u00eda y Recursos Naturales No Renovables, y CELEC EP, construye progreso e impulsa el desarrollo en las diferentes provincias del pa\u00eds, a trav\u00e9s de las nuevas obras de transmisi\u00f3n de energ\u00eda el\u00e9ctrica.<\/p>\n<p style=\"text-align: center;\"><a href=\"https:\/\/drive.google.com\/drive\/folders\/1XRaHCJuFH_tNtrkg_vP7D5x2uhs3dHdh?usp=sharing\"><strong>Para acceder al material fotogr\u00e1fico de los talleres haga clic aqu\u00ed<\/strong><\/a><\/p>\n<p style=\"text-align: center;\"><img loading=\"lazy\" decoding=\"async\" class=\" size-full wp-image-2825\" src=\"https:\/\/www.celec.gob.ec\/transelectric\/wp-content\/uploads\/2021\/03\/1ronda2ecuperu111.jpg\" alt=\"1ronda2ecuperu111\" width=\"500\" height=\"295\" \/><\/p>\n<p style=\"text-align: center;\"><strong><em>Dirigentes y vecinos de la parroquia Jes\u00fas Mar\u00eda, del cant\u00f3n Naranjal, provincia de Guayas<\/em><\/strong><\/p>\n<p style=\"text-align: center;\"><img loading=\"lazy\" decoding=\"async\" class=\" size-full wp-image-2826\" src=\"https:\/\/www.celec.gob.ec\/transelectric\/wp-content\/uploads\/2021\/03\/1ronda2ecuperu11.jpg\" alt=\"1ronda2ecuperu11\" width=\"500\" height=\"270\" \/><\/p>\n","protected":false},"excerpt":{"rendered":"<p>9 de marzo de 2021 La Corporaci\u00f3n El\u00e9ctrica del Ecuador CELEC EP, a trav\u00e9s de la Unidad de Negocio Transelectric, realiza la segunda ronda de Consulta P\u00fablica del Estudio de Impacto Ambiental del nuevo sistema de interconexi\u00f3n el\u00e9ctrica Ecuador \u2013 Per\u00fa, a 500 mil voltios, a trav\u00e9s de seis &nbsp;&nbsp;talleres virtuales y &nbsp;24 sesiones presenciales. [&hellip;]<\/p>\n","protected":false},"author":1,"featured_media":4837,"comment_status":"open","ping_status":"open","sticky":false,"template":"","format":"standard","meta":{"_acf_changed":false,"inline_featured_image":false,"_themeisle_gutenberg_block_has_review":false,"footnotes":""},"categories":[1],"tags":[],"class_list":["post-4836","post","type-post","status-publish","format-standard","has-post-thumbnail","hentry","category-uncategorized"],"acf":[],"_links":{"self":[{"href":"https:\/\/www.celec.gob.ec\/transelectric\/wp-json\/wp\/v2\/posts\/4836","targetHints":{"allow":["GET"]}}],"collection":[{"href":"https:\/\/www.celec.gob.ec\/transelectric\/wp-json\/wp\/v2\/posts"}],"about":[{"href":"https:\/\/www.celec.gob.ec\/transelectric\/wp-json\/wp\/v2\/types\/post"}],"author":[{"embeddable":true,"href":"https:\/\/www.celec.gob.ec\/transelectric\/wp-json\/wp\/v2\/users\/1"}],"replies":[{"embeddable":true,"href":"https:\/\/www.celec.gob.ec\/transelectric\/wp-json\/wp\/v2\/comments?post=4836"}],"version-history":[{"count":0,"href":"https:\/\/www.celec.gob.ec\/transelectric\/wp-json\/wp\/v2\/posts\/4836\/revisions"}],"wp:featuredmedia":[{"embeddable":true,"href":"https:\/\/www.celec.gob.ec\/transelectric\/wp-json\/wp\/v2\/media\/4837"}],"wp:attachment":[{"href":"https:\/\/www.celec.gob.ec\/transelectric\/wp-json\/wp\/v2\/media?parent=4836"}],"wp:term":[{"taxonomy":"category","embeddable":true,"href":"https:\/\/www.celec.gob.ec\/transelectric\/wp-json\/wp\/v2\/categories?post=4836"},{"taxonomy":"post_tag","embeddable":true,"href":"https:\/\/www.celec.gob.ec\/transelectric\/wp-json\/wp\/v2\/tags?post=4836"}],"curies":[{"name":"wp","href":"https:\/\/api.w.org\/{rel}","templated":true}]}}