{"id":5398,"date":"2023-03-29T14:16:45","date_gmt":"2023-03-29T19:16:45","guid":{"rendered":"https:\/\/www.celec.gob.ec\/transelectric\/?p=2942"},"modified":"2023-06-08T18:44:58","modified_gmt":"2023-06-08T23:44:58","slug":"avanzan-los-trabajos-para-restablecer-el-transformador-de-la-subestacion-pascuales","status":"publish","type":"post","link":"https:\/\/www.celec.gob.ec\/transelectric\/uncategorized\/avanzan-los-trabajos-para-restablecer-el-transformador-de-la-subestacion-pascuales\/","title":{"rendered":"Avanzan los trabajos para restablecer el transformador de la Subestaci\u00f3n Pascuales"},"content":{"rendered":"<p><strong>29 de marzo de 2023<\/strong><\/p>\n<p style=\"text-align: justify;\">El gerente general de la Corporaci\u00f3n El\u00e9ctrica del Ecuador (CELEC EP) Gonzalo Uquillas Vallejo, en conjunto con el gerente de la Unidad de Negocio Transelectric, Henry Herrer\u00eda, verificaron el avance de los trabajos en el transformador de la subestaci\u00f3n Pascuales, indisponible desde el pasado domingo, 26 de marzo.<\/p>\n<p style=\"text-align: justify;\">Esta instalaci\u00f3n permite entregar la energ\u00eda desde el Sistema Nacional de Transmisi\u00f3n (SNT) a la distribuidora CNEL EP, pero a causa del sismo del pasado 18 de marzo, present\u00f3 una falla, por lo que el equipo se encuentra en reparaci\u00f3n.&nbsp; Tras la inspecci\u00f3n, Gonzalo Uquillas manifest\u00f3 que se aspira que, hasta el 9 de abril, el transformador est\u00e9 operativo nuevamente.<\/p>\n<p style=\"text-align: justify;\">Mientras tanto, se han tomado una serie de medidas para enfrentar la restricci\u00f3n del servicio de transmisi\u00f3n de energ\u00eda para la ciudad, como realizar transferencia de electricidad desde otras subestaciones del Sistema Nacional de Transmisi\u00f3n, explic\u00f3. Tambi\u00e9n, la empresa distribuidora CNEL EP, a trav\u00e9s de las Unidades de Negocio Guayaquil y Guayas \u2013 Los R\u00edos, recibe energ\u00eda de las centrales de generaci\u00f3n de CELEC EP ubicadas en la ciudad de Guayaquil.<\/p>\n<p style=\"text-align: justify;\">El Gobierno del Ecuador, a trav\u00e9s del Ministerio de Energ\u00eda y Minas, y de CELEC EP, gestiona soluciones inmediatas que permitan un adecuado y suficiente suministro de energ\u00eda a la comunidad.<\/p>\n<p style=\"text-align: center;\"><img loading=\"lazy\" decoding=\"async\" src=\"images\/29marzo2023.jpg\" alt=\"29marzo2023\" width=\"600\" height=\"337\" \/><\/p>\n<p style=\"text-align: center;\"><strong><em>Con la ampliaci\u00f3n de la subestaci\u00f3n Dur\u00e1n se duplicar\u00e1 la capacidad de entrega de energ\u00eda el\u00e9ctica para el desarrollo del sector industrial.<\/em><\/strong><\/p>\n","protected":false},"excerpt":{"rendered":"<p>29 de marzo de 2023 El gerente general de la Corporaci\u00f3n El\u00e9ctrica del Ecuador (CELEC EP) Gonzalo Uquillas Vallejo, en conjunto con el gerente de la Unidad de Negocio Transelectric, Henry Herrer\u00eda, verificaron el avance de los trabajos en el transformador de la subestaci\u00f3n Pascuales, indisponible desde el pasado domingo, 26 de marzo. Esta instalaci\u00f3n [&hellip;]<\/p>\n","protected":false},"author":1,"featured_media":0,"comment_status":"open","ping_status":"open","sticky":false,"template":"","format":"standard","meta":{"_acf_changed":false,"inline_featured_image":false,"_themeisle_gutenberg_block_has_review":false,"footnotes":""},"categories":[1],"tags":[],"class_list":["post-5398","post","type-post","status-publish","format-standard","hentry","category-uncategorized"],"acf":[],"_links":{"self":[{"href":"https:\/\/www.celec.gob.ec\/transelectric\/wp-json\/wp\/v2\/posts\/5398","targetHints":{"allow":["GET"]}}],"collection":[{"href":"https:\/\/www.celec.gob.ec\/transelectric\/wp-json\/wp\/v2\/posts"}],"about":[{"href":"https:\/\/www.celec.gob.ec\/transelectric\/wp-json\/wp\/v2\/types\/post"}],"author":[{"embeddable":true,"href":"https:\/\/www.celec.gob.ec\/transelectric\/wp-json\/wp\/v2\/users\/1"}],"replies":[{"embeddable":true,"href":"https:\/\/www.celec.gob.ec\/transelectric\/wp-json\/wp\/v2\/comments?post=5398"}],"version-history":[{"count":1,"href":"https:\/\/www.celec.gob.ec\/transelectric\/wp-json\/wp\/v2\/posts\/5398\/revisions"}],"predecessor-version":[{"id":5405,"href":"https:\/\/www.celec.gob.ec\/transelectric\/wp-json\/wp\/v2\/posts\/5398\/revisions\/5405"}],"wp:attachment":[{"href":"https:\/\/www.celec.gob.ec\/transelectric\/wp-json\/wp\/v2\/media?parent=5398"}],"wp:term":[{"taxonomy":"category","embeddable":true,"href":"https:\/\/www.celec.gob.ec\/transelectric\/wp-json\/wp\/v2\/categories?post=5398"},{"taxonomy":"post_tag","embeddable":true,"href":"https:\/\/www.celec.gob.ec\/transelectric\/wp-json\/wp\/v2\/tags?post=5398"}],"curies":[{"name":"wp","href":"https:\/\/api.w.org\/{rel}","templated":true}]}}