{"id":9598,"date":"2025-03-26T12:27:21","date_gmt":"2025-03-26T17:27:21","guid":{"rendered":"https:\/\/www.celec.gob.ec\/transelectric\/?p=9598"},"modified":"2025-03-26T12:27:22","modified_gmt":"2025-03-26T17:27:22","slug":"celec-ep-avanza-con-la-ampliacion-de-la-subestacion-jivino-sucumbios","status":"publish","type":"post","link":"https:\/\/www.celec.gob.ec\/transelectric\/uncategorized\/celec-ep-avanza-con-la-ampliacion-de-la-subestacion-jivino-sucumbios\/","title":{"rendered":"CELEC EP avanza con la ampliaci\u00f3n de la subestaci\u00f3n Jivino, Sucumb\u00edos"},"content":{"rendered":"\n<p>La Corporaci\u00f3n El\u00e9ctrica del Ecuador \u2013 CELEC EP, a trav\u00e9s de su Unidad de Negocio Transelectric, avanza con la ampliaci\u00f3n de la subestaci\u00f3n Jivino 230\/69 mil voltios, ubicada en Sucumb\u00edos. La implementaci\u00f3n de este proyecto garantizar\u00e1 la calidad del servicio de transmisi\u00f3n de energ\u00eda el\u00e9ctrica en la zona nororiental del pa\u00eds. Desde esta instalaci\u00f3n se entrega el suministro de energ\u00eda a CNEL EP Sucumb\u00edos y EP Petroecuador.<\/p>\n\n\n\n<p>La ampliaci\u00f3n consiste en la instalaci\u00f3n de dos equipos de compensaci\u00f3n reactiva, de 25 MVAr (megavoltio-amperio reactivo) cada uno, a 230 mil voltios. Lo que incrementar\u00e1 la seguridad en la operaci\u00f3n del Sistema Nacional Interconectado, con la regulaci\u00f3n de los niveles de voltaje en las provincias de Sucumb\u00edos, Carchi, Imbabura y Pichincha.<\/p>\n\n\n\n<p>El nuevo equipamiento evitar\u00e1 que se registren altos voltajes en el caso de que se presente una indisponibilidad imprevista de la central hidroel\u00e9ctrica Coca Coco Sinclair. &nbsp;Adicionalmente, se brindar\u00e1 mayor seguridad a la interconexi\u00f3n el\u00e9ctrica con Colombia a nivel de 230 mil voltios.<\/p>\n\n\n\n<p>La obra se encuentra en la etapa de montaje electromec\u00e1nico y los reactores ya se encuentran en sitio. El avance general es del 67,30%.<\/p>\n\n\n\n<p>Con estas acciones, el Gobierno del Nuevo Ecuador, a trav\u00e9s del Ministerio de Energ\u00eda y Minas y CELEC EP, refuerza la infraestructura del Sistema Nacional de Transmisi\u00f3n para incrementar la confiabilidad del servicio el\u00e9ctrico a los ecuatorianos.<\/p>\n\n\n<div class=\"wp-block-image\">\n<figure class=\"aligncenter size-full\"><img loading=\"lazy\" decoding=\"async\" width=\"600\" height=\"400\" src=\"https:\/\/www.celec.gob.ec\/transelectric\/wp-content\/uploads\/2025\/03\/Jivinoweb-1.png\" alt=\"\" class=\"wp-image-9596\" srcset=\"https:\/\/www.celec.gob.ec\/transelectric\/wp-content\/uploads\/2025\/03\/Jivinoweb-1.png 600w, https:\/\/www.celec.gob.ec\/transelectric\/wp-content\/uploads\/2025\/03\/Jivinoweb-1-300x200.png 300w\" sizes=\"auto, (max-width: 600px) 100vw, 600px\" \/><\/figure>\n<\/div>\n\n\n<p class=\"has-text-align-center\"><em>Ya se encuentran en la subestaci\u00f3n Jivino los dos equipos de compensaci\u00f3n reactiva.<\/em><\/p>\n","protected":false},"excerpt":{"rendered":"<p>La Corporaci\u00f3n El\u00e9ctrica del Ecuador \u2013 CELEC EP, a trav\u00e9s de su Unidad de Negocio Transelectric, avanza con la ampliaci\u00f3n de la subestaci\u00f3n Jivino 230\/69 mil voltios, ubicada en Sucumb\u00edos. La implementaci\u00f3n de este proyecto garantizar\u00e1 la calidad del servicio de transmisi\u00f3n de energ\u00eda el\u00e9ctrica en la zona nororiental del pa\u00eds. Desde esta instalaci\u00f3n se [&hellip;]<\/p>\n","protected":false},"author":3,"featured_media":9596,"comment_status":"open","ping_status":"open","sticky":false,"template":"","format":"standard","meta":{"_acf_changed":false,"inline_featured_image":false,"_themeisle_gutenberg_block_has_review":false,"footnotes":""},"categories":[1],"tags":[],"class_list":["post-9598","post","type-post","status-publish","format-standard","has-post-thumbnail","hentry","category-uncategorized"],"acf":[],"_links":{"self":[{"href":"https:\/\/www.celec.gob.ec\/transelectric\/wp-json\/wp\/v2\/posts\/9598","targetHints":{"allow":["GET"]}}],"collection":[{"href":"https:\/\/www.celec.gob.ec\/transelectric\/wp-json\/wp\/v2\/posts"}],"about":[{"href":"https:\/\/www.celec.gob.ec\/transelectric\/wp-json\/wp\/v2\/types\/post"}],"author":[{"embeddable":true,"href":"https:\/\/www.celec.gob.ec\/transelectric\/wp-json\/wp\/v2\/users\/3"}],"replies":[{"embeddable":true,"href":"https:\/\/www.celec.gob.ec\/transelectric\/wp-json\/wp\/v2\/comments?post=9598"}],"version-history":[{"count":1,"href":"https:\/\/www.celec.gob.ec\/transelectric\/wp-json\/wp\/v2\/posts\/9598\/revisions"}],"predecessor-version":[{"id":9599,"href":"https:\/\/www.celec.gob.ec\/transelectric\/wp-json\/wp\/v2\/posts\/9598\/revisions\/9599"}],"wp:featuredmedia":[{"embeddable":true,"href":"https:\/\/www.celec.gob.ec\/transelectric\/wp-json\/wp\/v2\/media\/9596"}],"wp:attachment":[{"href":"https:\/\/www.celec.gob.ec\/transelectric\/wp-json\/wp\/v2\/media?parent=9598"}],"wp:term":[{"taxonomy":"category","embeddable":true,"href":"https:\/\/www.celec.gob.ec\/transelectric\/wp-json\/wp\/v2\/categories?post=9598"},{"taxonomy":"post_tag","embeddable":true,"href":"https:\/\/www.celec.gob.ec\/transelectric\/wp-json\/wp\/v2\/tags?post=9598"}],"curies":[{"name":"wp","href":"https:\/\/api.w.org\/{rel}","templated":true}]}}